{"id":5178,"date":"2024-11-15T14:26:24","date_gmt":"2024-11-15T14:26:24","guid":{"rendered":"https:\/\/maniapanel.win\/medicinski-fakultet\/obavjestenje-o-odbrani-magistarskog-rada-dr-amele-muftic\/"},"modified":"2026-07-03T09:22:07","modified_gmt":"2026-07-03T09:22:07","slug":"obavjestenje-o-odbrani-magistarskog-rada-dr-amele-muftic","status":"publish","type":"post","link":"https:\/\/mf.unsa.ba\/en\/obavjestenje-o-odbrani-magistarskog-rada-dr-amele-muftic\/","title":{"rendered":"Obavje\u0161tenje o odbrani magistarskog rada dr. Amele Mufti\u0107"},"content":{"rendered":"<p style=\"text-align: center;\"><span style=\"font-family: arial, helvetica, sans-serif;\"><strong>UNIVERSITY OF SARAJEVO \u2013 FACULTY OF MEDICINE <\/strong><\/span><\/p>\n<p><span style=\"font-family: arial, helvetica, sans-serif;\">Hereby informs all interested parties that:<\/span><\/p>\n<\/p>\n<ol>\n<li><span style=\"font-family: arial, helvetica, sans-serif;\"><strong> DR. AMELA MUFTI\u0106 <\/strong>will defend her master's thesis entitled:<\/span><\/li>\n<\/ol>\n<p style=\"text-align: center;\">&nbsp;<span style=\"font-family: arial, helvetica, sans-serif;\"><strong>\u00ab<\/strong> <strong>PROCJENA INTENZITETA INTRAOPERATIVNOG I POSTOPERATIVNOG KRVARENJA KOD ELEKTIVNOG CARSKOG REZA PRIMJENOM REGIONALNE ANESTEZIJE U ODNOSU NA OP\u0160TU ANESTEZIJU<\/strong><strong> \u00bb<\/strong><\/span><\/p>\n<p><span style=\"font-family: arial, helvetica, sans-serif;\"><strong>u ponedjeljak, 16. decembra\/prosinca 2024. godine, u 13,00 sati u Sali &nbsp;NIR-a Klini\u010dkog centra Univerziteta u Sarajevu, Bolni\u010dka 25<\/strong>.<\/span><\/p>\n<p>&nbsp;<span style=\"font-family: arial, helvetica, sans-serif;\">The master's thesis is available for review on working days from 12:00 to 2:00 PM at the Library of the University of Sarajevo \u2013 Faculty of Medicine.<\/span><\/p>","protected":false},"excerpt":{"rendered":"<p>UNIVERZITET U SARAJEVU &#8211; MEDICINSKI FAKULTET Obavje\u0161tava sve zainteresovane da \u0107e: DR. AMELA MUFTI\u0106 braniti magistarski rad pod naslovom: &nbsp;\u00ab PROCJENA INTENZITETA INTRAOPERATIVNOG I POSTOPERATIVNOG KRVARENJA KOD ELEKTIVNOG CARSKOG REZA PRIMJENOM REGIONALNE ANESTEZIJE U ODNOSU NA OP\u0160TU ANESTEZIJU \u00bb u ponedjeljak, 16. decembra\/prosinca 2024. godine, u 13,00 sati u Sali &nbsp;NIR-a Klini\u010dkog centra Univerziteta u [&hellip;]<\/p>\n","protected":false},"author":1,"featured_media":0,"comment_status":"closed","ping_status":"open","sticky":false,"template":"","format":"standard","meta":{"_acf_changed":false,"footnotes":""},"categories":[57],"tags":[],"class_list":["post-5178","post","type-post","status-publish","format-standard","hentry","category-obavjestenja-za-studente"],"acf":[],"yoast_head":"<!-- This site is optimized with the Yoast SEO plugin v28.3 - https:\/\/yoast.com\/product\/yoast-seo-wordpress\/ -->\n<title>Obavje\u0161tenje o odbrani magistarskog rada dr. Amele Mufti\u0107 - Medicinski fakultet u Sarajevu<\/title>\n<meta name=\"robots\" content=\"index, follow, max-snippet:-1, max-image-preview:large, max-video-preview:-1\" \/>\n<link rel=\"canonical\" href=\"https:\/\/mf.unsa.ba\/en\/obavjestenje-o-odbrani-magistarskog-rada-dr-amele-muftic\/\" \/>\n<meta property=\"og:locale\" content=\"en_US\" \/>\n<meta property=\"og:type\" content=\"article\" \/>\n<meta property=\"og:title\" content=\"Obavje\u0161tenje o odbrani magistarskog rada dr. Amele Mufti\u0107 - Medicinski fakultet u Sarajevu\" \/>\n<meta property=\"og:description\" content=\"UNIVERZITET U SARAJEVU &#8211; MEDICINSKI FAKULTET Obavje\u0161tava sve zainteresovane da \u0107e: DR. AMELA MUFTI\u0106 braniti magistarski rad pod naslovom: &nbsp;\u00ab PROCJENA INTENZITETA INTRAOPERATIVNOG I POSTOPERATIVNOG KRVARENJA KOD ELEKTIVNOG CARSKOG REZA PRIMJENOM REGIONALNE ANESTEZIJE U ODNOSU NA OP\u0160TU ANESTEZIJU \u00bb u ponedjeljak, 16. decembra\/prosinca 2024. godine, u 13,00 sati u Sali &nbsp;NIR-a Klini\u010dkog centra Univerziteta u [&hellip;]\" \/>\n<meta property=\"og:url\" content=\"https:\/\/mf.unsa.ba\/en\/obavjestenje-o-odbrani-magistarskog-rada-dr-amele-muftic\/\" \/>\n<meta property=\"og:site_name\" content=\"Medicinski fakultet u Sarajevu\" \/>\n<meta property=\"article:publisher\" content=\"https:\/\/www.facebook.com\/medicinski.fakultet.unsa\/\" \/>\n<meta property=\"article:published_time\" content=\"2024-11-15T14:26:24+00:00\" \/>\n<meta property=\"article:modified_time\" content=\"2026-07-03T09:22:07+00:00\" \/>\n<meta name=\"author\" content=\"mania\" \/>\n<meta name=\"twitter:card\" content=\"summary_large_image\" \/>\n<meta name=\"twitter:label1\" content=\"Written by\" \/>\n\t<meta name=\"twitter:data1\" content=\"mania\" \/>\n\t<meta name=\"twitter:label2\" content=\"Est. reading time\" \/>\n\t<meta name=\"twitter:data2\" content=\"1 minute\" \/>\n<script type=\"application\/ld+json\" class=\"yoast-schema-graph\">{\"@context\":\"https:\\\/\\\/schema.org\",\"@graph\":[{\"@type\":\"Article\",\"@id\":\"https:\\\/\\\/mf.unsa.ba\\\/obavjestenje-o-odbrani-magistarskog-rada-dr-amele-muftic\\\/#article\",\"isPartOf\":{\"@id\":\"https:\\\/\\\/mf.unsa.ba\\\/obavjestenje-o-odbrani-magistarskog-rada-dr-amele-muftic\\\/\"},\"author\":{\"name\":\"mania\",\"@id\":\"https:\\\/\\\/mf.unsa.ba\\\/#\\\/schema\\\/person\\\/af8ddb8c073f092d035928460980102a\"},\"headline\":\"Obavje\u0161tenje o odbrani magistarskog rada dr. Amele Mufti\u0107\",\"datePublished\":\"2024-11-15T14:26:24+00:00\",\"dateModified\":\"2026-07-03T09:22:07+00:00\",\"mainEntityOfPage\":{\"@id\":\"https:\\\/\\\/mf.unsa.ba\\\/obavjestenje-o-odbrani-magistarskog-rada-dr-amele-muftic\\\/\"},\"wordCount\":89,\"articleSection\":[\"Obavje\u0161tenja za studente\"],\"inLanguage\":\"en-US\"},{\"@type\":\"WebPage\",\"@id\":\"https:\\\/\\\/mf.unsa.ba\\\/obavjestenje-o-odbrani-magistarskog-rada-dr-amele-muftic\\\/\",\"url\":\"https:\\\/\\\/mf.unsa.ba\\\/obavjestenje-o-odbrani-magistarskog-rada-dr-amele-muftic\\\/\",\"name\":\"Obavje\u0161tenje o odbrani magistarskog rada dr. Amele Mufti\u0107 - Medicinski fakultet u Sarajevu\",\"isPartOf\":{\"@id\":\"https:\\\/\\\/mf.unsa.ba\\\/#website\"},\"datePublished\":\"2024-11-15T14:26:24+00:00\",\"dateModified\":\"2026-07-03T09:22:07+00:00\",\"author\":{\"@id\":\"https:\\\/\\\/mf.unsa.ba\\\/#\\\/schema\\\/person\\\/af8ddb8c073f092d035928460980102a\"},\"breadcrumb\":{\"@id\":\"https:\\\/\\\/mf.unsa.ba\\\/obavjestenje-o-odbrani-magistarskog-rada-dr-amele-muftic\\\/#breadcrumb\"},\"inLanguage\":\"en-US\",\"potentialAction\":[{\"@type\":\"ReadAction\",\"target\":[\"https:\\\/\\\/mf.unsa.ba\\\/obavjestenje-o-odbrani-magistarskog-rada-dr-amele-muftic\\\/\"]}]},{\"@type\":\"BreadcrumbList\",\"@id\":\"https:\\\/\\\/mf.unsa.ba\\\/obavjestenje-o-odbrani-magistarskog-rada-dr-amele-muftic\\\/#breadcrumb\",\"itemListElement\":[{\"@type\":\"ListItem\",\"position\":1,\"name\":\"Home\",\"item\":\"https:\\\/\\\/mf.unsa.ba\\\/\"},{\"@type\":\"ListItem\",\"position\":2,\"name\":\"Obavje\u0161tenje o odbrani magistarskog rada dr. Amele Mufti\u0107\"}]},{\"@type\":\"WebSite\",\"@id\":\"https:\\\/\\\/mf.unsa.ba\\\/#website\",\"url\":\"https:\\\/\\\/mf.unsa.ba\\\/\",\"name\":\"Medicinski fakultet u Sarajevu\",\"description\":\"\",\"potentialAction\":[{\"@type\":\"SearchAction\",\"target\":{\"@type\":\"EntryPoint\",\"urlTemplate\":\"https:\\\/\\\/mf.unsa.ba\\\/?s={search_term_string}\"},\"query-input\":{\"@type\":\"PropertyValueSpecification\",\"valueRequired\":true,\"valueName\":\"search_term_string\"}}],\"inLanguage\":\"en-US\"},{\"@type\":\"Person\",\"@id\":\"https:\\\/\\\/mf.unsa.ba\\\/#\\\/schema\\\/person\\\/af8ddb8c073f092d035928460980102a\",\"name\":\"mania\",\"image\":{\"@type\":\"ImageObject\",\"inLanguage\":\"en-US\",\"@id\":\"https:\\\/\\\/secure.gravatar.com\\\/avatar\\\/d73796fddfe79ff54436d4e11122dcaa7b2be7058e4d218979a25e811b4aa5b6?s=96&d=mm&r=g\",\"url\":\"https:\\\/\\\/secure.gravatar.com\\\/avatar\\\/d73796fddfe79ff54436d4e11122dcaa7b2be7058e4d218979a25e811b4aa5b6?s=96&d=mm&r=g\",\"contentUrl\":\"https:\\\/\\\/secure.gravatar.com\\\/avatar\\\/d73796fddfe79ff54436d4e11122dcaa7b2be7058e4d218979a25e811b4aa5b6?s=96&d=mm&r=g\",\"caption\":\"mania\"},\"sameAs\":[\"https:\\\/\\\/maniapanel.win\\\/medicinski-fakultet\"],\"url\":\"https:\\\/\\\/mf.unsa.ba\\\/en\\\/author\\\/mania\\\/\"}]}<\/script>\n<!-- \/ Yoast SEO plugin. -->","yoast_head_json":{"title":"Obavje\u0161tenje o odbrani magistarskog rada dr. Amele Mufti\u0107 - Medicinski fakultet u Sarajevu","robots":{"index":"index","follow":"follow","max-snippet":"max-snippet:-1","max-image-preview":"max-image-preview:large","max-video-preview":"max-video-preview:-1"},"canonical":"https:\/\/mf.unsa.ba\/en\/obavjestenje-o-odbrani-magistarskog-rada-dr-amele-muftic\/","og_locale":"en_US","og_type":"article","og_title":"Obavje\u0161tenje o odbrani magistarskog rada dr. Amele Mufti\u0107 - Medicinski fakultet u Sarajevu","og_description":"UNIVERZITET U SARAJEVU &#8211; MEDICINSKI FAKULTET Obavje\u0161tava sve zainteresovane da \u0107e: DR. AMELA MUFTI\u0106 braniti magistarski rad pod naslovom: &nbsp;\u00ab PROCJENA INTENZITETA INTRAOPERATIVNOG I POSTOPERATIVNOG KRVARENJA KOD ELEKTIVNOG CARSKOG REZA PRIMJENOM REGIONALNE ANESTEZIJE U ODNOSU NA OP\u0160TU ANESTEZIJU \u00bb u ponedjeljak, 16. decembra\/prosinca 2024. godine, u 13,00 sati u Sali &nbsp;NIR-a Klini\u010dkog centra Univerziteta u [&hellip;]","og_url":"https:\/\/mf.unsa.ba\/en\/obavjestenje-o-odbrani-magistarskog-rada-dr-amele-muftic\/","og_site_name":"Medicinski fakultet u Sarajevu","article_publisher":"https:\/\/www.facebook.com\/medicinski.fakultet.unsa\/","article_published_time":"2024-11-15T14:26:24+00:00","article_modified_time":"2026-07-03T09:22:07+00:00","author":"mania","twitter_card":"summary_large_image","twitter_misc":{"Written by":"mania","Est. reading time":"1 minute"},"schema":{"@context":"https:\/\/schema.org","@graph":[{"@type":"Article","@id":"https:\/\/mf.unsa.ba\/obavjestenje-o-odbrani-magistarskog-rada-dr-amele-muftic\/#article","isPartOf":{"@id":"https:\/\/mf.unsa.ba\/obavjestenje-o-odbrani-magistarskog-rada-dr-amele-muftic\/"},"author":{"name":"mania","@id":"https:\/\/mf.unsa.ba\/#\/schema\/person\/af8ddb8c073f092d035928460980102a"},"headline":"Obavje\u0161tenje o odbrani magistarskog rada dr. Amele Mufti\u0107","datePublished":"2024-11-15T14:26:24+00:00","dateModified":"2026-07-03T09:22:07+00:00","mainEntityOfPage":{"@id":"https:\/\/mf.unsa.ba\/obavjestenje-o-odbrani-magistarskog-rada-dr-amele-muftic\/"},"wordCount":89,"articleSection":["Obavje\u0161tenja za studente"],"inLanguage":"en-US"},{"@type":"WebPage","@id":"https:\/\/mf.unsa.ba\/obavjestenje-o-odbrani-magistarskog-rada-dr-amele-muftic\/","url":"https:\/\/mf.unsa.ba\/obavjestenje-o-odbrani-magistarskog-rada-dr-amele-muftic\/","name":"Obavje\u0161tenje o odbrani magistarskog rada dr. Amele Mufti\u0107 - Medicinski fakultet u Sarajevu","isPartOf":{"@id":"https:\/\/mf.unsa.ba\/#website"},"datePublished":"2024-11-15T14:26:24+00:00","dateModified":"2026-07-03T09:22:07+00:00","author":{"@id":"https:\/\/mf.unsa.ba\/#\/schema\/person\/af8ddb8c073f092d035928460980102a"},"breadcrumb":{"@id":"https:\/\/mf.unsa.ba\/obavjestenje-o-odbrani-magistarskog-rada-dr-amele-muftic\/#breadcrumb"},"inLanguage":"en-US","potentialAction":[{"@type":"ReadAction","target":["https:\/\/mf.unsa.ba\/obavjestenje-o-odbrani-magistarskog-rada-dr-amele-muftic\/"]}]},{"@type":"BreadcrumbList","@id":"https:\/\/mf.unsa.ba\/obavjestenje-o-odbrani-magistarskog-rada-dr-amele-muftic\/#breadcrumb","itemListElement":[{"@type":"ListItem","position":1,"name":"Home","item":"https:\/\/mf.unsa.ba\/"},{"@type":"ListItem","position":2,"name":"Obavje\u0161tenje o odbrani magistarskog rada dr. Amele Mufti\u0107"}]},{"@type":"WebSite","@id":"https:\/\/mf.unsa.ba\/#website","url":"https:\/\/mf.unsa.ba\/","name":"Medicinski fakultet u Sarajevu","description":"","potentialAction":[{"@type":"SearchAction","target":{"@type":"EntryPoint","urlTemplate":"https:\/\/mf.unsa.ba\/?s={search_term_string}"},"query-input":{"@type":"PropertyValueSpecification","valueRequired":true,"valueName":"search_term_string"}}],"inLanguage":"en-US"},{"@type":"Person","@id":"https:\/\/mf.unsa.ba\/#\/schema\/person\/af8ddb8c073f092d035928460980102a","name":"mania","image":{"@type":"ImageObject","inLanguage":"en-US","@id":"https:\/\/secure.gravatar.com\/avatar\/d73796fddfe79ff54436d4e11122dcaa7b2be7058e4d218979a25e811b4aa5b6?s=96&d=mm&r=g","url":"https:\/\/secure.gravatar.com\/avatar\/d73796fddfe79ff54436d4e11122dcaa7b2be7058e4d218979a25e811b4aa5b6?s=96&d=mm&r=g","contentUrl":"https:\/\/secure.gravatar.com\/avatar\/d73796fddfe79ff54436d4e11122dcaa7b2be7058e4d218979a25e811b4aa5b6?s=96&d=mm&r=g","caption":"mania"},"sameAs":["https:\/\/maniapanel.win\/medicinski-fakultet"],"url":"https:\/\/mf.unsa.ba\/en\/author\/mania\/"}]}},"_links":{"self":[{"href":"https:\/\/mf.unsa.ba\/en\/wp-json\/wp\/v2\/posts\/5178","targetHints":{"allow":["GET"]}}],"collection":[{"href":"https:\/\/mf.unsa.ba\/en\/wp-json\/wp\/v2\/posts"}],"about":[{"href":"https:\/\/mf.unsa.ba\/en\/wp-json\/wp\/v2\/types\/post"}],"author":[{"embeddable":true,"href":"https:\/\/mf.unsa.ba\/en\/wp-json\/wp\/v2\/users\/1"}],"replies":[{"embeddable":true,"href":"https:\/\/mf.unsa.ba\/en\/wp-json\/wp\/v2\/comments?post=5178"}],"version-history":[{"count":1,"href":"https:\/\/mf.unsa.ba\/en\/wp-json\/wp\/v2\/posts\/5178\/revisions"}],"predecessor-version":[{"id":5260,"href":"https:\/\/mf.unsa.ba\/en\/wp-json\/wp\/v2\/posts\/5178\/revisions\/5260"}],"wp:attachment":[{"href":"https:\/\/mf.unsa.ba\/en\/wp-json\/wp\/v2\/media?parent=5178"}],"wp:term":[{"taxonomy":"category","embeddable":true,"href":"https:\/\/mf.unsa.ba\/en\/wp-json\/wp\/v2\/categories?post=5178"},{"taxonomy":"post_tag","embeddable":true,"href":"https:\/\/mf.unsa.ba\/en\/wp-json\/wp\/v2\/tags?post=5178"}],"curies":[{"name":"wp","href":"https:\/\/api.w.org\/{rel}","templated":true}]}}