{"id":5237,"date":"2024-09-17T13:10:25","date_gmt":"2024-09-17T13:10:25","guid":{"rendered":"https:\/\/maniapanel.win\/medicinski-fakultet\/in-memoriam-prof-dr-elma-kucukalic-selimovic\/"},"modified":"2025-02-07T09:07:40","modified_gmt":"2025-02-07T09:07:40","slug":"in-memoriam-prof-dr-elma-kucukalic-selimovic","status":"publish","type":"post","link":"https:\/\/mf.unsa.ba\/en\/in-memoriam-prof-dr-elma-kucukalic-selimovic\/","title":{"rendered":"In memoriam PROF. DR ELMA KU\u010cUKALI\u0106-SELIMOVI\u0106"},"content":{"rendered":"<p style=\"text-align: center;\" align=\"center\"><span style=\"font-family: arial, helvetica, sans-serif;\">&nbsp;In memoriam<\/span><\/p>\n<p style=\"text-align: center;\" align=\"center\"><span style=\"font-family: arial, helvetica, sans-serif;\">PROF. DR ELMA KU\u010cUKALI\u0106-SELIMOVI\u0106<\/span><\/p>\n<p style=\"text-align: center;\" align=\"center\"><span style=\"font-family: arial, helvetica, sans-serif;\">&nbsp;1954. &#8211;&nbsp; 2024.<\/span><\/p>\n<p>&nbsp;<\/p>\n<p><img loading=\"lazy\" decoding=\"async\" style=\"display: block; margin-left: auto; margin-right: auto;\" src=\"podaci\/in_memoriam\/2024\/Kucukalic.jpg\" alt=\"Kucukalic\" width=\"481\" height=\"642\" \/><\/p>\n<p>&nbsp;<\/p>\n<p>&nbsp;<\/p>\n<p><span style=\"font-family: arial, helvetica, sans-serif;\">U ponedjeljak, 16.09.2024. godine, u 70. godini \u017eivota, preminula je prof.dr. Elma Ku\u010dukali\u0107- Selimovi\u0107, redovni profesor Medicinskog fakulteta Univerziteta u Sarajevu, na Katedri za radiologiju i nuklearnu medicinu.<\/span><\/p>\n<p><span style=\"font-family: arial, helvetica, sans-serif;\">Prof.dr. Elma Ku\u010dukali\u0107-Selimovi\u0107 ro\u0111ena je 11.10.1954. godine u Sarajevu, gdje se i \u0161kolovala. Diplomirala je 1977. godine na Medicinskom fakultetu u Sarajevu, te se i za vrijeme studija bavila nau\u010dnim radom i u\u010destvovala na studentskim kongresima. Magistarski rad pod naslovom \u201cPrognosti\u010dki faktori brzine oporavka insuloovisnih pacijenata kod dijabeti\u010dne ketoacidoze\u201d, odbranila je 1996. godine, a doktorsku disertaciju pod naslovom \u201cOboljenja \u0161titne \u017elijezde u uslovima ratnog stresa u Sarajevu\u201d \u010detiri godine kasnije.<\/span><\/p>\n<p><span style=\"font-family: arial, helvetica, sans-serif;\">Intenzivno se posvetila razvoju oblasti nuklearne medicine u stru\u010dnom, nastavnom i istra\u017eiva\u010dkom pogledu. Poseban interes pokazala je za dijagnostiku i terapiju oboljenja \u0161titne \u017elijezde, paratireoidnih \u017elijezda, neuroendokrinih tumora, zatim za metaboli\u010dke bolesti kostiju, te uvo\u0111enje mnogih procedura iz oblasti radionuklidne dijagnostike. Objavila je ukupno 121 nau\u010dni i stru\u010dni rad, od \u010dega su 48 radovi in extenso, a 73 je objavljenih \u0161tampanih sa\u017eetaka. Autor je poglavlja u osam publiciranih stru\u010dnih knjiga i ud\u017ebenika. Bila je predsjednik Udru\u017eenja nuklearne medicine FBiH, \u010dlan Evropskog i Svjetskog udru\u017eenja nuklearne medicine i Udru\u017eenja za osteoporozu FBiH, te \u010dlan Odbora za kardiovaskularna oboljenja ANUBiH. U zaslu\u017eenu mirovinu oti\u0161la je 2017. godine.<\/span><\/p>","protected":false},"excerpt":{"rendered":"<p>&nbsp;In memoriam PROF. DR ELMA KU\u010cUKALI\u0106-SELIMOVI\u0106 &nbsp;1954. &#8211;&nbsp; 2024. &nbsp; &nbsp; &nbsp; U ponedjeljak, 16.09.2024. godine, u 70. godini \u017eivota, preminula je prof.dr. Elma Ku\u010dukali\u0107- Selimovi\u0107, redovni profesor Medicinskog fakulteta Univerziteta u Sarajevu, na Katedri za radiologiju i nuklearnu medicinu. Prof.dr. Elma Ku\u010dukali\u0107-Selimovi\u0107 ro\u0111ena je 11.10.1954. godine u Sarajevu, gdje se i \u0161kolovala. Diplomirala je [&hellip;]<\/p>\n","protected":false},"author":1,"featured_media":0,"comment_status":"open","ping_status":"open","sticky":false,"template":"","format":"standard","meta":{"_acf_changed":false,"footnotes":""},"categories":[73],"tags":[],"class_list":["post-5237","post","type-post","status-publish","format-standard","hentry","category-obavjestenja"],"acf":[],"yoast_head":"<!-- This site is optimized with the Yoast SEO plugin v27.3 - https:\/\/yoast.com\/product\/yoast-seo-wordpress\/ -->\n<title>In memoriam PROF. DR ELMA KU\u010cUKALI\u0106-SELIMOVI\u0106 - Medicinski fakultet u Sarajevu<\/title>\n<meta name=\"robots\" content=\"index, follow, max-snippet:-1, max-image-preview:large, max-video-preview:-1\" \/>\n<link rel=\"canonical\" href=\"https:\/\/mf.unsa.ba\/en\/in-memoriam-prof-dr-elma-kucukalic-selimovic\/\" \/>\n<meta property=\"og:locale\" content=\"en_US\" \/>\n<meta property=\"og:type\" content=\"article\" \/>\n<meta property=\"og:title\" content=\"In memoriam PROF. DR ELMA KU\u010cUKALI\u0106-SELIMOVI\u0106 - Medicinski fakultet u Sarajevu\" \/>\n<meta property=\"og:description\" content=\"&nbsp;In memoriam PROF. DR ELMA KU\u010cUKALI\u0106-SELIMOVI\u0106 &nbsp;1954. &#8211;&nbsp; 2024. &nbsp; &nbsp; &nbsp; U ponedjeljak, 16.09.2024. godine, u 70. godini \u017eivota, preminula je prof.dr. Elma Ku\u010dukali\u0107- Selimovi\u0107, redovni profesor Medicinskog fakulteta Univerziteta u Sarajevu, na Katedri za radiologiju i nuklearnu medicinu. Prof.dr. Elma Ku\u010dukali\u0107-Selimovi\u0107 ro\u0111ena je 11.10.1954. godine u Sarajevu, gdje se i \u0161kolovala. Diplomirala je [&hellip;]\" \/>\n<meta property=\"og:url\" content=\"https:\/\/mf.unsa.ba\/en\/in-memoriam-prof-dr-elma-kucukalic-selimovic\/\" \/>\n<meta property=\"og:site_name\" content=\"Medicinski fakultet u Sarajevu\" \/>\n<meta property=\"article:publisher\" content=\"https:\/\/www.facebook.com\/medicinski.fakultet.unsa\/\" \/>\n<meta property=\"article:published_time\" content=\"2024-09-17T13:10:25+00:00\" \/>\n<meta property=\"article:modified_time\" content=\"2025-02-07T09:07:40+00:00\" \/>\n<meta name=\"author\" content=\"mania\" \/>\n<meta name=\"twitter:card\" content=\"summary_large_image\" \/>\n<meta name=\"twitter:label1\" content=\"Written by\" \/>\n\t<meta name=\"twitter:data1\" content=\"mania\" \/>\n\t<meta name=\"twitter:label2\" content=\"Est. reading time\" \/>\n\t<meta name=\"twitter:data2\" content=\"1 minute\" \/>\n<script type=\"application\/ld+json\" class=\"yoast-schema-graph\">{\"@context\":\"https:\\\/\\\/schema.org\",\"@graph\":[{\"@type\":\"Article\",\"@id\":\"https:\\\/\\\/mf.unsa.ba\\\/in-memoriam-prof-dr-elma-kucukalic-selimovic\\\/#article\",\"isPartOf\":{\"@id\":\"https:\\\/\\\/mf.unsa.ba\\\/in-memoriam-prof-dr-elma-kucukalic-selimovic\\\/\"},\"author\":{\"name\":\"mania\",\"@id\":\"https:\\\/\\\/mf.unsa.ba\\\/#\\\/schema\\\/person\\\/af8ddb8c073f092d035928460980102a\"},\"headline\":\"In memoriam PROF. DR ELMA KU\u010cUKALI\u0106-SELIMOVI\u0106\",\"datePublished\":\"2024-09-17T13:10:25+00:00\",\"dateModified\":\"2025-02-07T09:07:40+00:00\",\"mainEntityOfPage\":{\"@id\":\"https:\\\/\\\/mf.unsa.ba\\\/in-memoriam-prof-dr-elma-kucukalic-selimovic\\\/\"},\"wordCount\":243,\"commentCount\":0,\"articleSection\":[\"Obavje\u0161tenja\"],\"inLanguage\":\"en-US\",\"potentialAction\":[{\"@type\":\"CommentAction\",\"name\":\"Comment\",\"target\":[\"https:\\\/\\\/mf.unsa.ba\\\/in-memoriam-prof-dr-elma-kucukalic-selimovic\\\/#respond\"]}]},{\"@type\":\"WebPage\",\"@id\":\"https:\\\/\\\/mf.unsa.ba\\\/in-memoriam-prof-dr-elma-kucukalic-selimovic\\\/\",\"url\":\"https:\\\/\\\/mf.unsa.ba\\\/in-memoriam-prof-dr-elma-kucukalic-selimovic\\\/\",\"name\":\"In memoriam PROF. DR ELMA KU\u010cUKALI\u0106-SELIMOVI\u0106 - Medicinski fakultet u Sarajevu\",\"isPartOf\":{\"@id\":\"https:\\\/\\\/mf.unsa.ba\\\/#website\"},\"datePublished\":\"2024-09-17T13:10:25+00:00\",\"dateModified\":\"2025-02-07T09:07:40+00:00\",\"author\":{\"@id\":\"https:\\\/\\\/mf.unsa.ba\\\/#\\\/schema\\\/person\\\/af8ddb8c073f092d035928460980102a\"},\"breadcrumb\":{\"@id\":\"https:\\\/\\\/mf.unsa.ba\\\/in-memoriam-prof-dr-elma-kucukalic-selimovic\\\/#breadcrumb\"},\"inLanguage\":\"en-US\",\"potentialAction\":[{\"@type\":\"ReadAction\",\"target\":[\"https:\\\/\\\/mf.unsa.ba\\\/in-memoriam-prof-dr-elma-kucukalic-selimovic\\\/\"]}]},{\"@type\":\"BreadcrumbList\",\"@id\":\"https:\\\/\\\/mf.unsa.ba\\\/in-memoriam-prof-dr-elma-kucukalic-selimovic\\\/#breadcrumb\",\"itemListElement\":[{\"@type\":\"ListItem\",\"position\":1,\"name\":\"Home\",\"item\":\"https:\\\/\\\/mf.unsa.ba\\\/\"},{\"@type\":\"ListItem\",\"position\":2,\"name\":\"In memoriam PROF. DR ELMA KU\u010cUKALI\u0106-SELIMOVI\u0106\"}]},{\"@type\":\"WebSite\",\"@id\":\"https:\\\/\\\/mf.unsa.ba\\\/#website\",\"url\":\"https:\\\/\\\/mf.unsa.ba\\\/\",\"name\":\"Medicinski fakultet u Sarajevu\",\"description\":\"\",\"potentialAction\":[{\"@type\":\"SearchAction\",\"target\":{\"@type\":\"EntryPoint\",\"urlTemplate\":\"https:\\\/\\\/mf.unsa.ba\\\/?s={search_term_string}\"},\"query-input\":{\"@type\":\"PropertyValueSpecification\",\"valueRequired\":true,\"valueName\":\"search_term_string\"}}],\"inLanguage\":\"en-US\"},{\"@type\":\"Person\",\"@id\":\"https:\\\/\\\/mf.unsa.ba\\\/#\\\/schema\\\/person\\\/af8ddb8c073f092d035928460980102a\",\"name\":\"mania\",\"image\":{\"@type\":\"ImageObject\",\"inLanguage\":\"en-US\",\"@id\":\"https:\\\/\\\/secure.gravatar.com\\\/avatar\\\/d73796fddfe79ff54436d4e11122dcaa7b2be7058e4d218979a25e811b4aa5b6?s=96&d=mm&r=g\",\"url\":\"https:\\\/\\\/secure.gravatar.com\\\/avatar\\\/d73796fddfe79ff54436d4e11122dcaa7b2be7058e4d218979a25e811b4aa5b6?s=96&d=mm&r=g\",\"contentUrl\":\"https:\\\/\\\/secure.gravatar.com\\\/avatar\\\/d73796fddfe79ff54436d4e11122dcaa7b2be7058e4d218979a25e811b4aa5b6?s=96&d=mm&r=g\",\"caption\":\"mania\"},\"sameAs\":[\"https:\\\/\\\/maniapanel.win\\\/medicinski-fakultet\"],\"url\":\"https:\\\/\\\/mf.unsa.ba\\\/en\\\/author\\\/mania\\\/\"}]}<\/script>\n<!-- \/ Yoast SEO plugin. -->","yoast_head_json":{"title":"In memoriam PROF. DR ELMA KU\u010cUKALI\u0106-SELIMOVI\u0106 - Medicinski fakultet u Sarajevu","robots":{"index":"index","follow":"follow","max-snippet":"max-snippet:-1","max-image-preview":"max-image-preview:large","max-video-preview":"max-video-preview:-1"},"canonical":"https:\/\/mf.unsa.ba\/en\/in-memoriam-prof-dr-elma-kucukalic-selimovic\/","og_locale":"en_US","og_type":"article","og_title":"In memoriam PROF. DR ELMA KU\u010cUKALI\u0106-SELIMOVI\u0106 - Medicinski fakultet u Sarajevu","og_description":"&nbsp;In memoriam PROF. DR ELMA KU\u010cUKALI\u0106-SELIMOVI\u0106 &nbsp;1954. &#8211;&nbsp; 2024. &nbsp; &nbsp; &nbsp; U ponedjeljak, 16.09.2024. godine, u 70. godini \u017eivota, preminula je prof.dr. Elma Ku\u010dukali\u0107- Selimovi\u0107, redovni profesor Medicinskog fakulteta Univerziteta u Sarajevu, na Katedri za radiologiju i nuklearnu medicinu. Prof.dr. Elma Ku\u010dukali\u0107-Selimovi\u0107 ro\u0111ena je 11.10.1954. godine u Sarajevu, gdje se i \u0161kolovala. Diplomirala je [&hellip;]","og_url":"https:\/\/mf.unsa.ba\/en\/in-memoriam-prof-dr-elma-kucukalic-selimovic\/","og_site_name":"Medicinski fakultet u Sarajevu","article_publisher":"https:\/\/www.facebook.com\/medicinski.fakultet.unsa\/","article_published_time":"2024-09-17T13:10:25+00:00","article_modified_time":"2025-02-07T09:07:40+00:00","author":"mania","twitter_card":"summary_large_image","twitter_misc":{"Written by":"mania","Est. reading time":"1 minute"},"schema":{"@context":"https:\/\/schema.org","@graph":[{"@type":"Article","@id":"https:\/\/mf.unsa.ba\/in-memoriam-prof-dr-elma-kucukalic-selimovic\/#article","isPartOf":{"@id":"https:\/\/mf.unsa.ba\/in-memoriam-prof-dr-elma-kucukalic-selimovic\/"},"author":{"name":"mania","@id":"https:\/\/mf.unsa.ba\/#\/schema\/person\/af8ddb8c073f092d035928460980102a"},"headline":"In memoriam PROF. DR ELMA KU\u010cUKALI\u0106-SELIMOVI\u0106","datePublished":"2024-09-17T13:10:25+00:00","dateModified":"2025-02-07T09:07:40+00:00","mainEntityOfPage":{"@id":"https:\/\/mf.unsa.ba\/in-memoriam-prof-dr-elma-kucukalic-selimovic\/"},"wordCount":243,"commentCount":0,"articleSection":["Obavje\u0161tenja"],"inLanguage":"en-US","potentialAction":[{"@type":"CommentAction","name":"Comment","target":["https:\/\/mf.unsa.ba\/in-memoriam-prof-dr-elma-kucukalic-selimovic\/#respond"]}]},{"@type":"WebPage","@id":"https:\/\/mf.unsa.ba\/in-memoriam-prof-dr-elma-kucukalic-selimovic\/","url":"https:\/\/mf.unsa.ba\/in-memoriam-prof-dr-elma-kucukalic-selimovic\/","name":"In memoriam PROF. DR ELMA KU\u010cUKALI\u0106-SELIMOVI\u0106 - Medicinski fakultet u Sarajevu","isPartOf":{"@id":"https:\/\/mf.unsa.ba\/#website"},"datePublished":"2024-09-17T13:10:25+00:00","dateModified":"2025-02-07T09:07:40+00:00","author":{"@id":"https:\/\/mf.unsa.ba\/#\/schema\/person\/af8ddb8c073f092d035928460980102a"},"breadcrumb":{"@id":"https:\/\/mf.unsa.ba\/in-memoriam-prof-dr-elma-kucukalic-selimovic\/#breadcrumb"},"inLanguage":"en-US","potentialAction":[{"@type":"ReadAction","target":["https:\/\/mf.unsa.ba\/in-memoriam-prof-dr-elma-kucukalic-selimovic\/"]}]},{"@type":"BreadcrumbList","@id":"https:\/\/mf.unsa.ba\/in-memoriam-prof-dr-elma-kucukalic-selimovic\/#breadcrumb","itemListElement":[{"@type":"ListItem","position":1,"name":"Home","item":"https:\/\/mf.unsa.ba\/"},{"@type":"ListItem","position":2,"name":"In memoriam PROF. DR ELMA KU\u010cUKALI\u0106-SELIMOVI\u0106"}]},{"@type":"WebSite","@id":"https:\/\/mf.unsa.ba\/#website","url":"https:\/\/mf.unsa.ba\/","name":"Medicinski fakultet u Sarajevu","description":"","potentialAction":[{"@type":"SearchAction","target":{"@type":"EntryPoint","urlTemplate":"https:\/\/mf.unsa.ba\/?s={search_term_string}"},"query-input":{"@type":"PropertyValueSpecification","valueRequired":true,"valueName":"search_term_string"}}],"inLanguage":"en-US"},{"@type":"Person","@id":"https:\/\/mf.unsa.ba\/#\/schema\/person\/af8ddb8c073f092d035928460980102a","name":"mania","image":{"@type":"ImageObject","inLanguage":"en-US","@id":"https:\/\/secure.gravatar.com\/avatar\/d73796fddfe79ff54436d4e11122dcaa7b2be7058e4d218979a25e811b4aa5b6?s=96&d=mm&r=g","url":"https:\/\/secure.gravatar.com\/avatar\/d73796fddfe79ff54436d4e11122dcaa7b2be7058e4d218979a25e811b4aa5b6?s=96&d=mm&r=g","contentUrl":"https:\/\/secure.gravatar.com\/avatar\/d73796fddfe79ff54436d4e11122dcaa7b2be7058e4d218979a25e811b4aa5b6?s=96&d=mm&r=g","caption":"mania"},"sameAs":["https:\/\/maniapanel.win\/medicinski-fakultet"],"url":"https:\/\/mf.unsa.ba\/en\/author\/mania\/"}]}},"_links":{"self":[{"href":"https:\/\/mf.unsa.ba\/en\/wp-json\/wp\/v2\/posts\/5237","targetHints":{"allow":["GET"]}}],"collection":[{"href":"https:\/\/mf.unsa.ba\/en\/wp-json\/wp\/v2\/posts"}],"about":[{"href":"https:\/\/mf.unsa.ba\/en\/wp-json\/wp\/v2\/types\/post"}],"author":[{"embeddable":true,"href":"https:\/\/mf.unsa.ba\/en\/wp-json\/wp\/v2\/users\/1"}],"replies":[{"embeddable":true,"href":"https:\/\/mf.unsa.ba\/en\/wp-json\/wp\/v2\/comments?post=5237"}],"version-history":[{"count":1,"href":"https:\/\/mf.unsa.ba\/en\/wp-json\/wp\/v2\/posts\/5237\/revisions"}],"predecessor-version":[{"id":5303,"href":"https:\/\/mf.unsa.ba\/en\/wp-json\/wp\/v2\/posts\/5237\/revisions\/5303"}],"wp:attachment":[{"href":"https:\/\/mf.unsa.ba\/en\/wp-json\/wp\/v2\/media?parent=5237"}],"wp:term":[{"taxonomy":"category","embeddable":true,"href":"https:\/\/mf.unsa.ba\/en\/wp-json\/wp\/v2\/categories?post=5237"},{"taxonomy":"post_tag","embeddable":true,"href":"https:\/\/mf.unsa.ba\/en\/wp-json\/wp\/v2\/tags?post=5237"}],"curies":[{"name":"wp","href":"https:\/\/api.w.org\/{rel}","templated":true}]}}